{"id":16073,"date":"2025-09-04T13:14:32","date_gmt":"2025-09-04T11:14:32","guid":{"rendered":"https:\/\/miuniversity.edu\/?p=16073"},"modified":"2025-09-04T13:14:33","modified_gmt":"2025-09-04T11:14:33","slug":"tu-futuro-despues-de-miu-datos-de-empleabilidad-2023-2024","status":"publish","type":"post","link":"https:\/\/miuniversity.edu\/es\/actualidad\/tu-futuro-despues-de-miu-datos-de-empleabilidad-2023-2024\/","title":{"rendered":"Tu futuro despu\u00e9s de MIU: Datos de empleabilidad 2023-2024"},"content":{"rendered":"<section id=\"hero-post\" class=\"hero-post\">\n  <picture class=\"hero-post__bg\">\n    <!-- tatamiento horizontal -->\n    <source media=\"(orientation: landscape) and (min-width: 1024px)\" srcset=\"https:\/\/miuniversity.edu\/wp-content\/uploads\/2025\/09\/Datos-de-empleabilidad-MIU.jpg\">\n    <!-- tatamiento vertical -->\n    <img decoding=\"async\" class=\"hero-post__img\" src=\"https:\/\/miuniversity.edu\/wp-content\/uploads\/2025\/09\/Datos-de-empleabilidad-MIU.jpg\" alt=\"Datos de empleabilidad MIU\" title=\"\">\n    <noscript>\n      <img decoding=\"async\" src=\"https:\/\/miuniversity.edu\/wp-content\/uploads\/2025\/09\/Datos-de-empleabilidad-MIU.jpg\" alt=\"Datos de empleabilidad MIU\" title=\"\">\n    <\/noscript>\n  <\/picture>\n  <div id=\"breadcrumbs\" class=\"breadcrumbs\">\n    <p class=\"container\">\n      <span>\n        <span>\n          <a href=\"https:\/\/miuniversity.edu\/es\/\" data-gtm-container=\"breadcrumb\" data-gtm-action=\"navigation\">\n            Home          <\/a>\n        <\/span>\n        &gt;\n        <span class=\"breadcrumb_last\" aria-current=\"page\">\n          <strong>Tu futuro despu\u00e9s de MIU: Datos de empleabilidad 2023-2024<\/strong>\n        <\/span>\n      <\/span>\n    <\/p>\n  <\/div>\n  <h1 class=\"hero-post__title\">\n    Tu futuro despu\u00e9s de MIU: Datos de empleabilidad 2023-2024  <\/h1>\n  <\/section>\n\n\n<p>En MIU, sabemos que la proyecci\u00f3n profesional es uno de los factores m\u00e1s importantes al elegir una carrera universitaria. Por eso, nos enorgullece compartir los datos m\u00e1s recientes sobre la empleabilidad de nuestros graduados, un testimonio claro del valor y la relevancia de nuestros programas acad\u00e9micos.<\/p>\n\n\n\n<h2 class=\"wp-block-heading\">Empleabilidad de graduados de MIU (2023-2024)<\/h2>\n\n\n\n<h3 class=\"wp-block-heading\">Licenciatura en Administraci\u00f3n de Empresas: 88% de empleabilidad<\/h3>\n\n\n\n<p>Este alto porcentaje de empleabilidad subraya c\u00f3mo la <a href=\"https:\/\/miuniversity.edu\/es\/academics\/bachelor-degrees\/administracion-empresas\/\">Licenciatura en Administraci\u00f3n de Empresas<\/a> de MIU te prepara para roles de liderazgo y gesti\u00f3n en diversas industrias, tanto a nivel nacional como internacional.&nbsp;<\/p>\n\n\n\n<p>La versatilidad de esta titulaci\u00f3n y la experiencia pr\u00e1ctica con las \u00faltimas tecnolog\u00edas y herramientas permite a nuestros graduados adaptarse r\u00e1pidamente a los cambios del mercado y destacar en entornos competitivos. Sales al mercado laboral con una s\u00f3lida base en finanzas, marketing y estrategia.&nbsp;<\/p>\n\n\n\n<h4 class=\"wp-block-heading\">Salidas profesionales<\/h4>\n\n\n\n<ul class=\"wp-block-list\">\n<li>Analista financiero<\/li>\n\n\n\n<li>Controller<\/li>\n\n\n\n<li>Auditor<\/li>\n\n\n\n<li>Asesor fiscal<\/li>\n\n\n\n<li>Banca y seguros<\/li>\n\n\n\n<li>Responsable de marketing<\/li>\n\n\n\n<li>Ejecutivo de cuentos<\/li>\n\n\n\n<li>Jefe de ventas<\/li>\n\n\n\n<li>Product manager<\/li>\n\n\n\n<li>Responsable de recursos humanos<\/li>\n\n\n\n<li>T\u00e9cnico de selecci\u00f3n<\/li>\n\n\n\n<li>Especialista en desarrollo organizacional<\/li>\n\n\n\n<li>Consultor estrat\u00e9gico<\/li>\n\n\n\n<li>Consultor financiero<\/li>\n\n\n\n<li>Analista de negocio<\/li>\n\n\n\n<li>Director de operaciones<\/li>\n<\/ul>\n\n\n\n<h3 class=\"wp-block-heading\">MBA Internacional en Administraci\u00f3n de Empresas: 71% de empleabilidad<\/h3>\n\n\n\n<p>El <a href=\"https:\/\/miuniversity.edu\/es\/academics\/master-degree\/mba-internacional\/\">MBA Internacional<\/a> de MIU est\u00e1 dise\u00f1ado para profesionales que buscan una ventaja competitiva en el \u00e1mbito global. Con un enfoque en la gesti\u00f3n internacional, la estrategia y las finanzas globales, esta maestr\u00eda capacita a los l\u00edderes del ma\u00f1ana para operar en mercados complejos y multiculturales.&nbsp;<\/p>\n\n\n\n<p>Esta cifra de empleabilidad demuestra la demanda de perfiles con una visi\u00f3n global que sepan promover el cambio dentro de las organizaciones.<\/p>\n\n\n\n<h4 class=\"wp-block-heading\">Salidas profesionales<\/h4>\n\n\n\n<ul class=\"wp-block-list\">\n<li>Consultor estrat\u00e9gico<\/li>\n\n\n\n<li>Analista de inversiones<\/li>\n\n\n\n<li>Gestor de carteras<\/li>\n\n\n\n<li>Analista de riesgos<\/li>\n\n\n\n<li>Product manager<\/li>\n\n\n\n<li>Director de estrategia digital<\/li>\n\n\n\n<li>Business development manager<\/li>\n\n\n\n<li>Gerente de operaciones tecnol\u00f3gicas<\/li>\n\n\n\n<li>Director de talento global<\/li>\n\n\n\n<li>Consultor de transformaci\u00f3n organizacional<\/li>\n\n\n\n<li>Liderazgo en startups<\/li>\n\n\n\n<li>Global brand manager<\/li>\n\n\n\n<li>Director de marketing internacional<\/li>\n\n\n\n<li>Director de comunicaci\u00f3n corporativa<\/li>\n\n\n\n<li>Director de innovaci\u00f3n<\/li>\n\n\n\n<li>Puestos C-suite<\/li>\n<\/ul>\n\n\n\n<h3 class=\"wp-block-heading\">Maestr\u00eda en Liderazgo Educativo, Gesti\u00f3n y Nuevas Tecnolog\u00edas: 70% de empleabilidad<\/h3>\n\n\n\n<p>Dado el enorme impacto y potencial de las nuevas tecnolog\u00edas en la educaci\u00f3n, la <a href=\"https:\/\/miuniversity.edu\/es\/academics\/master-degree\/maestria-en-liderazgo-educativo\/\">Maestr\u00eda en Liderazgo Educativo, Gesti\u00f3n y Nuevas Tecnolog\u00edas<\/a> de MIU proporciona una ventaja competitiva a los educadores que desean liderar la transformaci\u00f3n digital y pedag\u00f3gica.<\/p>\n\n\n\n<p>Esta cifra de empleabilidad demuestra la necesidad de expertos en gesti\u00f3n educativa moderna. Nuestros graduados est\u00e1n preparados para asumir roles de liderazgo en instituciones educativas, implementando estrategias innovadoras y utilizando las nuevas tecnolog\u00edas para mejorar los procesos de ense\u00f1anza y aprendizaje.&nbsp;<\/p>\n\n\n\n<h4 class=\"wp-block-heading\">Salidas profesionales<\/h4>\n\n\n\n<ul class=\"wp-block-list\">\n<li>Director de colegios, institutos o universidades<\/li>\n\n\n\n<li>Jefe de estudios<\/li>\n\n\n\n<li>Coordinador de ciclo, \u00e1rea o departamento<\/li>\n\n\n\n<li>Administrador de centros educativos<\/li>\n\n\n\n<li>Coordinador de tecnolog\u00eda educativo<\/li>\n\n\n\n<li>Especialista en innovaci\u00f3n educativa<\/li>\n\n\n\n<li>Dise\u00f1ador pedag\u00f3gico<\/li>\n\n\n\n<li>Asesor de transformaci\u00f3n digital educativo<\/li>\n\n\n\n<li>Responsable de plataformas e-learning<\/li>\n\n\n\n<li>Formador de profesorado<\/li>\n<\/ul>\n\n\n\n<h3 class=\"wp-block-heading\">Nuestro compromiso con tu \u00e9xito laboral<\/h3>\n\n\n\n<p>Estos impresionantes n\u00fameros no son una casualidad. Son el resultado de una combinaci\u00f3n de factores clave de MIU:<\/p>\n\n\n\n<ul class=\"wp-block-list\">\n<li><strong>Curr\u00edculos actualizados<\/strong>, alineados con las necesidades reales del mercado laboral.<\/li>\n\n\n\n<li><strong>Aprendizaje pr\u00e1ctico<\/strong> con las \u00faltimas herramientas y tecnolog\u00edas. <strong>\u00a0<\/strong><\/li>\n\n\n\n<li><strong>Profesores expertos<\/strong> en sus campos, con experiencia en la industria y vocaci\u00f3n para la ense\u00f1anza.<\/li>\n\n\n\n<li><strong>Networking y orientaci\u00f3n profesional<\/strong>.<\/li>\n\n\n\n<li><strong>Formaci\u00f3n y diploma estadounidenses<\/strong>.<\/li>\n<\/ul>\n\n\n\n<p>\u00bfListo para impulsar tu carrera? Visita <a href=\"https:\/\/miuniversity.edu\/es\/\">nuestra web<\/a> o cont\u00e1ctanos para saber m\u00e1s sobre nuestros programas y ver c\u00f3mo podemos ayudarte a construir tu futuro profesional.<\/p>\n\n\n\n<p><em>Todos los datos sobre empleo en MIU reflejan el informe de datos para el a\u00f1o acad\u00e9mico 2023-2024 presentado a la Comisi\u00f3n de Educaci\u00f3n Independiente de Florida (CIE).<\/em><\/p>\n","protected":false},"excerpt":{"rendered":"<p>En MIU, sabemos que la proyecci\u00f3n profesional es uno de los factores m\u00e1s importantes al elegir una carrera universitaria. Por [&hellip;]<\/p>\n","protected":false},"author":12,"featured_media":16082,"comment_status":"closed","ping_status":"closed","sticky":false,"template":"","format":"standard","meta":{"_acf_changed":false,"site-sidebar-layout":"default","site-content-layout":"","ast-site-content-layout":"","site-content-style":"default","site-sidebar-style":"default","ast-global-header-display":"","ast-banner-title-visibility":"","ast-main-header-display":"","ast-hfb-above-header-display":"","ast-hfb-below-header-display":"","ast-hfb-mobile-header-display":"","site-post-title":"","ast-breadcrumbs-content":"","ast-featured-img":"","footer-sml-layout":"","theme-transparent-header-meta":"","adv-header-id-meta":"","stick-header-meta":"","header-above-stick-meta":"","header-main-stick-meta":"","header-below-stick-meta":"","astra-migrate-meta-layouts":"default","ast-page-background-enabled":"default","ast-page-background-meta":{"desktop":{"background-color":"var(--ast-global-color-4)","background-image":"","background-repeat":"repeat","background-position":"center center","background-size":"auto","background-attachment":"scroll","background-type":"","background-media":"","overlay-type":"","overlay-color":"","overlay-opacity":"","overlay-gradient":""},"tablet":{"background-color":"","background-image":"","background-repeat":"repeat","background-position":"center center","background-size":"auto","background-attachment":"scroll","background-type":"","background-media":"","overlay-type":"","overlay-color":"","overlay-opacity":"","overlay-gradient":""},"mobile":{"background-color":"","background-image":"","background-repeat":"repeat","background-position":"center center","background-size":"auto","background-attachment":"scroll","background-type":"","background-media":"","overlay-type":"","overlay-color":"","overlay-opacity":"","overlay-gradient":""}},"ast-content-background-meta":{"desktop":{"background-color":"var(--ast-global-color-5)","background-image":"","background-repeat":"repeat","background-position":"center center","background-size":"auto","background-attachment":"scroll","background-type":"","background-media":"","overlay-type":"","overlay-color":"","overlay-opacity":"","overlay-gradient":""},"tablet":{"background-color":"var(--ast-global-color-5)","background-image":"","background-repeat":"repeat","background-position":"center center","background-size":"auto","background-attachment":"scroll","background-type":"","background-media":"","overlay-type":"","overlay-color":"","overlay-opacity":"","overlay-gradient":""},"mobile":{"background-color":"var(--ast-global-color-5)","background-image":"","background-repeat":"repeat","background-position":"center center","background-size":"auto","background-attachment":"scroll","background-type":"","background-media":"","overlay-type":"","overlay-color":"","overlay-opacity":"","overlay-gradient":""}},"footnotes":""},"categories":[17],"tags":[],"class_list":["post-16073","post","type-post","status-publish","format-standard","has-post-thumbnail","hentry","category-actualidad"],"acf":[],"_links":{"self":[{"href":"https:\/\/miuniversity.edu\/es\/wp-json\/wp\/v2\/posts\/16073"}],"collection":[{"href":"https:\/\/miuniversity.edu\/es\/wp-json\/wp\/v2\/posts"}],"about":[{"href":"https:\/\/miuniversity.edu\/es\/wp-json\/wp\/v2\/types\/post"}],"author":[{"embeddable":true,"href":"https:\/\/miuniversity.edu\/es\/wp-json\/wp\/v2\/users\/12"}],"replies":[{"embeddable":true,"href":"https:\/\/miuniversity.edu\/es\/wp-json\/wp\/v2\/comments?post=16073"}],"version-history":[{"count":2,"href":"https:\/\/miuniversity.edu\/es\/wp-json\/wp\/v2\/posts\/16073\/revisions"}],"predecessor-version":[{"id":16091,"href":"https:\/\/miuniversity.edu\/es\/wp-json\/wp\/v2\/posts\/16073\/revisions\/16091"}],"wp:featuredmedia":[{"embeddable":true,"href":"https:\/\/miuniversity.edu\/es\/wp-json\/wp\/v2\/media\/16082"}],"wp:attachment":[{"href":"https:\/\/miuniversity.edu\/es\/wp-json\/wp\/v2\/media?parent=16073"}],"wp:term":[{"taxonomy":"category","embeddable":true,"href":"https:\/\/miuniversity.edu\/es\/wp-json\/wp\/v2\/categories?post=16073"},{"taxonomy":"post_tag","embeddable":true,"href":"https:\/\/miuniversity.edu\/es\/wp-json\/wp\/v2\/tags?post=16073"}],"curies":[{"name":"wp","href":"https:\/\/api.w.org\/{rel}","templated":true}]}}