{"id":25447,"date":"2026-03-19T17:15:38","date_gmt":"2026-03-19T16:15:38","guid":{"rendered":"https:\/\/miuniversity.edu\/?p=25447"},"modified":"2026-03-19T17:29:30","modified_gmt":"2026-03-19T16:29:30","slug":"actualidad-graduacion-2025","status":"publish","type":"post","link":"https:\/\/miuniversity.edu\/es\/blog\/actualidad-graduacion-2025\/","title":{"rendered":"Un futuro sin l\u00edmites: Celebrando a los nuevos graduados de MIU"},"content":{"rendered":"<section id=\"hero-post\" class=\"hero-post\">\n  <picture class=\"hero-post__bg\">\n    <!-- tatamiento horizontal -->\n    <source media=\"(orientation: landscape) and (min-width: 1024px)\" srcset=\"https:\/\/miuniversity.edu\/wp-content\/uploads\/2026\/03\/55137161527_5d56e082b2_b.jpg\">\n    <!-- tatamiento vertical -->\n    <img decoding=\"async\" class=\"hero-post__img\" src=\"https:\/\/miuniversity.edu\/wp-content\/uploads\/2026\/03\/55137161527_5d56e082b2_b.jpg\" alt=\",\" title=\"\">\n    <noscript>\n      <img decoding=\"async\" src=\"https:\/\/miuniversity.edu\/wp-content\/uploads\/2026\/03\/55137161527_5d56e082b2_b.jpg\" alt=\",\" title=\"\">\n    <\/noscript>\n  <\/picture>\n  <div id=\"breadcrumbs\" class=\"breadcrumbs\">\n    <p class=\"container\">\n      <span>\n        <span>\n          <a href=\"https:\/\/miuniversity.edu\/es\/\" data-gtm-container=\"breadcrumb\" data-gtm-action=\"navigation\">\n            Home          <\/a>\n        <\/span>\n        &gt;\n        <span class=\"breadcrumb_last\" aria-current=\"page\">\n          <strong>Un futuro sin l\u00edmites: Celebrando a los nuevos graduados de MIU<\/strong>\n        <\/span>\n      <\/span>\n    <\/p>\n  <\/div>\n  <h1 class=\"hero-post__title\">\n    Un futuro sin l\u00edmites: Celebrando a los nuevos graduados de MIU  <\/h1>\n      <div class=\"hero-post__wysiwyg\">\n      La Graduaci\u00f3n 2026 de MIU City University Miami reuni\u00f3 a cerca de 300 de los m\u00e1s de 400 estudiantes egresados en una ceremonia celebrada el 6 de marzo de 2026 en el Wolfson Auditorium del Miami Dade College Graduados, familias, amigos, profesores y autoridades universitarias se dieron cita en este evento emblem\u00e1tico para reconocer los logros de una comunidad global: 141 graduados desfilaron por el escenario, mientras que otros 146 participaron a trav\u00e9s de la transmisi\u00f3n en vivo desde distintos rincones del mundo. En total, la universidad celebr\u00f3 la culminaci\u00f3n exitosa de los estudios de 413 graduados, cada uno con su propia y \u00fanica historia de perseverancia y excelencia acad\u00e9mica.    <\/div>\n  <\/section>\n\n\n<h2 class=\"wp-block-heading\">Inspiraci\u00f3n para un mundo en evoluci\u00f3n<\/h2>\n\n\n\n<p>La ceremonia comenz\u00f3 con la cl\u00e1sica procesi\u00f3n acad\u00e9mica bajo los conmovedores acordes de <em>Pomp and Circumstance<\/em> de Edward Elgar. Tras el Himno Nacional, el <strong>Dr. Daniel Burgos, rector de MIU<\/strong>, comparti\u00f3 un mensaje de inspiraci\u00f3n para los graduados, quienes hoy se enfrentan a una realidad laboral marcada por el avance de la IA.<\/p>\n\n\n\n<p>El Dr. Burgos enfatiz\u00f3 que, si bien \u00abla capacidad cognitiva de los seres humanos est\u00e1 continuamente amenazada\u00bb, esta puede equilibrarse a trav\u00e9s de \u00ab<strong>la creatividad, la voluntad y la determinaci\u00f3n<\/strong>\u00bb de cada individuo. Inst\u00f3 a los graduados a ser la \u00abesperanza\u00bb del mercado laboral, defendiendo el an\u00e1lisis profundo y las conclusiones originales incluso cuando estas vayan en contra de la opini\u00f3n mayoritaria.<\/p>\n\n\n\n<h2 class=\"wp-block-heading\">Voces de transformaci\u00f3n y resiliencia<\/h2>\n\n\n\n<p>Los testimonios de los estudiantes fueron igual de impactantes, reflejando la diversidad de trayectorias acad\u00e9micas se pueden recorrer en MIU.<strong> Diana Sof\u00eda Garro Castro<\/strong>, la Valedictorian de posgrado, reflexion\u00f3 sobre su proceso de transformaci\u00f3n al dar el salto desde la medicina en Costa Rica hacia el din\u00e1mico entorno de los negocios internacionales en Miami.<\/p>\n\n\n\n<p>Diana destac\u00f3 que, mientras la medicina le ense\u00f1\u00f3 disciplina, su paso por MIU le brind\u00f3 la <strong>\u201capertura al cambio\u201d<\/strong> necesaria para superarse profesionalmente durante su Maestr\u00eda Internacional en Administraci\u00f3n de Empresas en Miami. \u201c<strong>Estamos en uno de los principales centros de negocios internacionales del mundo<\/strong>, donde los v\u00ednculos que creamos fuera del aula se convierten en oportunidades importantes de crecimiento y en puertas que se abren hacia el futuro.\u201d<\/p>\n\n\n\n<p>El Valedictorian de pregrado, <strong>Timothy Homerdee Nicholas<\/strong>, graduado de la Licenciatura en Ciencias de la Computaci\u00f3n, ofreci\u00f3 una perspectiva cercana e ingeniosa sobre los desaf\u00edos del estudio actual. Al reconocer que \u201cel pensamiento cr\u00edtico puede dejarse de lado f\u00e1cilmente por una b\u00fasqueda r\u00e1pida en la IA\u201d, Timothy elogi\u00f3 a sus compa\u00f1eros por elegir un camino m\u00e1s disciplinado. Al utilizar la IA para explorar preguntas complejas en lugar de buscar respuestas f\u00e1ciles, se\u00f1al\u00f3 que <strong>\u201clo que podr\u00eda haber sido una muleta, se convirti\u00f3 en una herramienta poderosa\u201d<\/strong>. Este compromiso con el rigor intelectual ha forjado a unos graduados <strong>\u201cm\u00e1s fuertes, perspicaces y autosuficientes\u201d <\/strong>para enfrentar las incertidumbres de la vida.<\/p>\n\n\n\n<h2 class=\"wp-block-heading\">Momentos inolvidables<\/h2>\n\n\n\n<p>El momento m\u00e1s esperado lleg\u00f3 con <strong>la entrega oficial de los diplomas<\/strong>. Para los estudiantes que segu\u00edan la ceremonia desde casa, ver sus nombres proyectados en la gran pantalla del auditorio fue un tributo a a\u00f1os de dedicaci\u00f3n y esfuerzo. Mientras tanto, en Miami, los graduados vivieron la inolvidable experiencia de cruzar el escenario en grupos de seis, recibiendo sus t\u00edtulos bajo la mirada orgullosa de sus familiares y amigos.<\/p>\n\n\n\n<p>La ceremonia alcanz\u00f3 su punto m\u00e1ximo con la <strong>declaraci\u00f3n oficial de investidura acad\u00e9mica<\/strong> por parte de la Dra. Marisol Salcedo. En el momento en que las borlas pasaron de derecha a izquierda, tanto el auditorio como las pantallas digitales estallaron de alegr\u00eda. La ic\u00f3nica imagen de <strong>cientos de birretes volando por los aires<\/strong> permanece como el s\u00edmbolo de la libertad y el futuro que aguarda a los graduados de este a\u00f1o.<\/p>\n\n\n\n<p>A la Promoci\u00f3n de MIU 2024-2025: el mundo espera por su pr\u00f3ximo cap\u00edtulo.<\/p>\n","protected":false},"excerpt":{"rendered":"<p>Inspiraci\u00f3n para un mundo en evoluci\u00f3n La ceremonia comenz\u00f3 con la cl\u00e1sica procesi\u00f3n acad\u00e9mica bajo los conmovedores acordes de Pomp [&hellip;]<\/p>\n","protected":false},"author":12,"featured_media":25453,"comment_status":"closed","ping_status":"closed","sticky":false,"template":"","format":"standard","meta":{"_acf_changed":false,"site-sidebar-layout":"default","site-content-layout":"","ast-site-content-layout":"","site-content-style":"default","site-sidebar-style":"default","ast-global-header-display":"","ast-banner-title-visibility":"","ast-main-header-display":"","ast-hfb-above-header-display":"","ast-hfb-below-header-display":"","ast-hfb-mobile-header-display":"","site-post-title":"","ast-breadcrumbs-content":"","ast-featured-img":"","footer-sml-layout":"","theme-transparent-header-meta":"","adv-header-id-meta":"","stick-header-meta":"","header-above-stick-meta":"","header-main-stick-meta":"","header-below-stick-meta":"","astra-migrate-meta-layouts":"default","ast-page-background-enabled":"default","ast-page-background-meta":{"desktop":{"background-color":"var(--ast-global-color-4)","background-image":"","background-repeat":"repeat","background-position":"center center","background-size":"auto","background-attachment":"scroll","background-type":"","background-media":"","overlay-type":"","overlay-color":"","overlay-opacity":"","overlay-gradient":""},"tablet":{"background-color":"","background-image":"","background-repeat":"repeat","background-position":"center center","background-size":"auto","background-attachment":"scroll","background-type":"","background-media":"","overlay-type":"","overlay-color":"","overlay-opacity":"","overlay-gradient":""},"mobile":{"background-color":"","background-image":"","background-repeat":"repeat","background-position":"center center","background-size":"auto","background-attachment":"scroll","background-type":"","background-media":"","overlay-type":"","overlay-color":"","overlay-opacity":"","overlay-gradient":""}},"ast-content-background-meta":{"desktop":{"background-color":"var(--ast-global-color-5)","background-image":"","background-repeat":"repeat","background-position":"center center","background-size":"auto","background-attachment":"scroll","background-type":"","background-media":"","overlay-type":"","overlay-color":"","overlay-opacity":"","overlay-gradient":""},"tablet":{"background-color":"var(--ast-global-color-5)","background-image":"","background-repeat":"repeat","background-position":"center center","background-size":"auto","background-attachment":"scroll","background-type":"","background-media":"","overlay-type":"","overlay-color":"","overlay-opacity":"","overlay-gradient":""},"mobile":{"background-color":"var(--ast-global-color-5)","background-image":"","background-repeat":"repeat","background-position":"center center","background-size":"auto","background-attachment":"scroll","background-type":"","background-media":"","overlay-type":"","overlay-color":"","overlay-opacity":"","overlay-gradient":""}},"footnotes":""},"categories":[2,17],"tags":[],"class_list":["post-25447","post","type-post","status-publish","format-standard","has-post-thumbnail","hentry","category-blog","category-actualidad"],"acf":[],"_links":{"self":[{"href":"https:\/\/miuniversity.edu\/es\/wp-json\/wp\/v2\/posts\/25447"}],"collection":[{"href":"https:\/\/miuniversity.edu\/es\/wp-json\/wp\/v2\/posts"}],"about":[{"href":"https:\/\/miuniversity.edu\/es\/wp-json\/wp\/v2\/types\/post"}],"author":[{"embeddable":true,"href":"https:\/\/miuniversity.edu\/es\/wp-json\/wp\/v2\/users\/12"}],"replies":[{"embeddable":true,"href":"https:\/\/miuniversity.edu\/es\/wp-json\/wp\/v2\/comments?post=25447"}],"version-history":[{"count":3,"href":"https:\/\/miuniversity.edu\/es\/wp-json\/wp\/v2\/posts\/25447\/revisions"}],"predecessor-version":[{"id":25468,"href":"https:\/\/miuniversity.edu\/es\/wp-json\/wp\/v2\/posts\/25447\/revisions\/25468"}],"wp:featuredmedia":[{"embeddable":true,"href":"https:\/\/miuniversity.edu\/es\/wp-json\/wp\/v2\/media\/25453"}],"wp:attachment":[{"href":"https:\/\/miuniversity.edu\/es\/wp-json\/wp\/v2\/media?parent=25447"}],"wp:term":[{"taxonomy":"category","embeddable":true,"href":"https:\/\/miuniversity.edu\/es\/wp-json\/wp\/v2\/categories?post=25447"},{"taxonomy":"post_tag","embeddable":true,"href":"https:\/\/miuniversity.edu\/es\/wp-json\/wp\/v2\/tags?post=25447"}],"curies":[{"name":"wp","href":"https:\/\/api.w.org\/{rel}","templated":true}]}}